{"id":1061,"date":"2019-02-19T00:47:42","date_gmt":"2019-02-19T05:47:42","guid":{"rendered":"https:\/\/blog.index.pe\/?p=1061"},"modified":"2019-02-19T00:47:46","modified_gmt":"2019-02-19T05:47:46","slug":"google-dejara-de-funcionar-desde-el-2-de-abril-de-2019","status":"publish","type":"post","link":"https:\/\/blog.index.pe\/en\/google-dejara-de-funcionar-desde-el-2-de-abril-de-2019\/","title":{"rendered":"Google+ will stop working from April 2, 2019"},"content":{"rendered":"<p class=\"wp-block-paragraph\">The consumer version of Google+ (personal accounts) will stop working on April 2, 2019<\/p>\n\n\n\n<p class=\"wp-block-paragraph\">Google announced in October 2018 that the G+ service would close in August 2019, but now with a new statement they will do so months before the scheduled date. The date was sped up because a bug in the Google+ API affected the accounts of 52.5 million Google Plus users.<\/p>\n\n\n\n<h3 class=\"wp-block-heading\">The Google+ Blackout<\/h3>\n\n\n\n<p class=\"wp-block-paragraph\">As of February 4, 2019, users could no longer create new Google Plus Pages or add non-Google Plus users to their circles.<\/p>\n\n\n\n<p class=\"wp-block-paragraph\">If you have a Blogger page, the commenting facility is also disabled and will take effect on other sites starting March 7.<\/p>\n\n\n\n<hr class=\"wp-block-separator\"\/>\n\n\n\n<p class=\"wp-block-paragraph\">Starting April 2, content from consumer Google Plus accounts will be removed and any accounts and Pages you&#039;ve created will be closed. This includes photos and videos in your Album Archive and your Google Plus Pages.<\/p>\n\n\n\n<p class=\"wp-block-paragraph\">If you want to save the images and videos, you must do so before April. It&#039;s important to note that this doesn&#039;t affect any content you&#039;ve backed up to Google Photos.<\/p>\n\n\n\n<p class=\"wp-block-paragraph\">Read Google ad: <a href=\"https:\/\/support.google.com\/plus\/answer\/9195133\">https:\/\/support.google.com\/plus\/answer\/9195133<\/a><\/p>\n<div class=\"pvc_clear\"><\/div><p id=\"pvc_stats_1061\" class=\"pvc_stats all\" data-element-id=\"1061\" style=\"\"><i class=\"pvc-stats-icon small\" aria-hidden=\"true\"><svg xmlns=\"http:\/\/www.w3.org\/2000\/svg\" version=\"1.0\" viewbox=\"0 0 502 315\" preserveaspectratio=\"xMidYMid meet\"><g transform=\"translate(0,332) scale(0.1,-0.1)\" fill=\"\" stroke=\"none\"><path d=\"M2394 3279 l-29 -30 -3 -207 c-2 -182 0 -211 15 -242 39 -76 157 -76 196 0 15 31 17 60 15 243 l-3 209 -33 29 c-26 23 -41 29 -80 29 -41 0 -53 -5 -78 -31z\"\/><path d=\"M3085 3251 c-45 -19 -58 -50 -96 -229 -47 -217 -49 -260 -13 -295 52 -53 146 -42 177 20 16 31 87 366 87 410 0 70 -86 122 -155 94z\"\/><path d=\"M1751 3234 c-13 -9 -29 -31 -37 -50 -12 -29 -10 -49 21 -204 19 -94 39 -189 45 -210 14 -50 54 -80 110 -80 34 0 48 6 76 34 21 21 34 44 34 59 0 14 -18 113 -40 219 -37 178 -43 195 -70 221 -36 32 -101 37 -139 11z\"\/><path d=\"M1163 3073 c-36 -7 -73 -59 -73 -102 0 -56 133 -378 171 -413 34 -32 83 -37 129 -13 70 36 67 87 -16 290 -86 209 -89 214 -129 231 -35 14 -42 15 -82 7z\"\/><path d=\"M3689 3066 c-15 -9 -33 -30 -42 -48 -48 -103 -147 -355 -147 -375 0 -98 131 -148 192 -74 13 15 57 108 97 206 80 196 84 226 37 273 -30 30 -99 39 -137 18z\"\/><path d=\"M583 2784 c-38 -19 -67 -74 -58 -113 9 -42 211 -354 242 -373 16 -10 45 -18 66 -18 51 0 107 52 107 100 0 39 -1 41 -124 234 -80 126 -108 162 -133 173 -41 17 -61 16 -100 -3z\"\/><path d=\"M4250 2784 c-14 -9 -74 -91 -133 -183 -95 -150 -107 -173 -107 -213 0 -55 33 -94 87 -104 67 -13 90 8 211 198 130 202 137 225 78 284 -27 27 -42 34 -72 34 -22 0 -50 -8 -64 -16z\"\/><path d=\"M2275 2693 c-553 -48 -1095 -270 -1585 -649 -135 -104 -459 -423 -483 -476 -23 -49 -22 -139 2 -186 73 -142 361 -457 571 -626 285 -228 642 -407 990 -497 242 -63 336 -73 660 -74 310 0 370 5 595 52 535 111 1045 392 1455 803 122 121 250 273 275 326 19 41 19 137 0 174 -41 79 -309 363 -465 492 -447 370 -946 591 -1479 653 -113 14 -422 18 -536 8z m395 -428 c171 -34 330 -124 456 -258 112 -119 167 -219 211 -378 27 -96 24 -300 -5 -401 -72 -255 -236 -447 -474 -557 -132 -62 -201 -76 -368 -76 -167 0 -236 14 -368 76 -213 98 -373 271 -451 485 -162 444 86 934 547 1084 153 49 292 57 452 25z m909 -232 c222 -123 408 -262 593 -441 76 -74 138 -139 138 -144 0 -16 -233 -242 -330 -319 -155 -123 -309 -223 -461 -299 l-81 -41 32 46 c18 26 49 83 70 128 143 306 141 649 -6 957 -25 52 -61 116 -79 142 l-34 47 45 -20 c26 -10 76 -36 113 -56z m-2057 25 c-40 -58 -105 -190 -130 -263 -110 -324 -59 -707 132 -981 25 -35 42 -64 37 -64 -19 0 -241 119 -326 174 -188 122 -406 314 -532 468 l-58 71 108 103 c185 178 428 349 672 473 66 33 121 60 123 61 2 0 -10 -19 -26 -42z\"\/><path d=\"M2375 1950 c-198 -44 -350 -190 -395 -379 -18 -76 -8 -221 19 -290 114 -284 457 -406 731 -260 98 52 188 154 231 260 27 69 37 214 19 290 -38 163 -166 304 -326 360 -67 23 -215 33 -279 19z\"\/><\/g><\/svg><\/i> <img loading=\"lazy\" decoding=\"async\" width=\"16\" height=\"16\" alt=\"Loading\" src=\"https:\/\/blog.index.pe\/wp-content\/plugins\/page-views-count\/ajax-loader-2x.gif\" border=\"0\" \/><\/p><div class=\"pvc_clear\"><\/div><div style=\"margin-top: 0px; margin-bottom: 0px;\" class=\"sharethis-inline-reaction-buttons\" ><\/div>","protected":false},"excerpt":{"rendered":"<p>The version of Google+ for consumers (personal accounts) will stop working on April 2, 2019 Google announced in October 2018 that the G+ service would close in August 2019, but now with a new statement they will do so months before the date programmed. The date was accelerated because a bug in the Google+ API affected the accounts of 52.5 million Google Plus users. The Google+ Blackout As of February 4, 2019, users could no longer create new Google Plus pages or add users other than Google Plus.<\/p>","protected":false},"author":1,"featured_media":1062,"comment_status":"closed","ping_status":"open","sticky":false,"template":"","format":"standard","meta":{"om_disable_all_campaigns":false,"_monsterinsights_skip_tracking":false,"footnotes":""},"categories":[73,126],"tags":[116,220],"class_list":["post-1061","post","type-post","status-publish","format-standard","has-post-thumbnail","hentry","category-actualidad","category-tendencia","tag-google","tag-google-plus"],"aioseo_notices":[],"aioseo_head":"\n\t\t<!-- All in One SEO 5.0.0.1 - aioseo.com -->\n\t<meta name=\"description\" content=\"La versi\u00f3n de Google+ para consumidores (cuentas personales) dejar\u00e1 de funcionar el 2 de abril de 2019 Google anunci\u00f3 en octubre de 2018 que el el servicio de G+ cerrar\u00eda en agosto de 2019, Pero ahora con un nuevo comunicado lo har\u00e1n meses antes de la fecha programada. La fecha se aceler\u00f3 porque un error\" \/>\n\t<meta name=\"robots\" content=\"max-image-preview:large\" \/>\n\t<meta name=\"author\" content=\"Index.pe\"\/>\n\t<meta name=\"google-site-verification\" content=\"R0FyKtH7AO0qfbQs9OR3qfgr1MYDMagx3MsqEWaTZlE\" \/>\n\t<meta name=\"keywords\" content=\"google,google plus,actualidad,tendencia\" \/>\n\t<link rel=\"canonical\" href=\"https:\/\/blog.index.pe\/en\/google-dejara-de-funcionar-desde-el-2-de-abril-de-2019\/\" \/>\n\t<meta name=\"generator\" content=\"All in One SEO (AIOSEO) 5.0.0.1\" \/>\n\t\t<meta property=\"og:locale\" content=\"en_US\" \/>\n\t\t<meta property=\"og:site_name\" content=\"Blog de index.pe - Actualidad, Tecnologia, Redes, Internet, Webmaster\" \/>\n\t\t<meta property=\"og:type\" content=\"article\" \/>\n\t\t<meta property=\"og:title\" content=\"Google+ dejar\u00e1 de funcionar desde el 2 de abril de 2019 Blog de Index.pe\" \/>\n\t\t<meta property=\"og:description\" content=\"La versi\u00f3n de Google+ para consumidores (cuentas personales) dejar\u00e1 de funcionar el 2 de abril de 2019 Google anunci\u00f3 en octubre de 2018 que el el servicio de G+ cerrar\u00eda en agosto de 2019, Pero ahora con un nuevo comunicado lo har\u00e1n meses antes de la fecha programada. La fecha se aceler\u00f3 porque un error\" \/>\n\t\t<meta property=\"og:url\" content=\"https:\/\/blog.index.pe\/en\/google-dejara-de-funcionar-desde-el-2-de-abril-de-2019\/\" \/>\n\t\t<meta property=\"og:image\" content=\"https:\/\/blog.index.pe\/wp-content\/uploads\/2019\/02\/G.jpg\" \/>\n\t\t<meta property=\"og:image:secure_url\" content=\"https:\/\/blog.index.pe\/wp-content\/uploads\/2019\/02\/G.jpg\" \/>\n\t\t<meta property=\"og:image:width\" content=\"900\" \/>\n\t\t<meta property=\"og:image:height\" content=\"453\" \/>\n\t\t<meta property=\"article:published_time\" content=\"2019-02-19T05:47:42+00:00\" \/>\n\t\t<meta property=\"article:modified_time\" content=\"2019-02-19T05:47:46+00:00\" \/>\n\t\t<meta property=\"article:publisher\" content=\"https:\/\/www.facebook.com\/index.pe\" \/>\n\t\t<meta name=\"twitter:card\" content=\"summary\" \/>\n\t\t<meta name=\"twitter:title\" content=\"Google+ dejar\u00e1 de funcionar desde el 2 de abril de 2019 Blog de Index.pe\" \/>\n\t\t<meta name=\"twitter:description\" content=\"La versi\u00f3n de Google+ para consumidores (cuentas personales) dejar\u00e1 de funcionar el 2 de abril de 2019 Google anunci\u00f3 en octubre de 2018 que el el servicio de G+ cerrar\u00eda en agosto de 2019, Pero ahora con un nuevo comunicado lo har\u00e1n meses antes de la fecha programada. La fecha se aceler\u00f3 porque un error\" \/>\n\t\t<meta name=\"twitter:image\" content=\"https:\/\/blog.index.pe\/wp-content\/uploads\/2019\/02\/G.jpg\" \/>\n\t\t<script type=\"application\/ld+json\" class=\"aioseo-schema\">\n\t\t\t{\"@context\":\"https:\\\/\\\/schema.org\",\"@graph\":[{\"@type\":\"Article\",\"@id\":\"https:\\\/\\\/blog.index.pe\\\/en\\\/google-dejara-de-funcionar-desde-el-2-de-abril-de-2019\\\/#article\",\"name\":\"Google+ dejar\\u00e1 de funcionar desde el 2 de abril de 2019 Blog de Index.pe\",\"headline\":\"Google+ dejar\\u00e1 de funcionar desde el 2 de abril de 2019\",\"author\":{\"@id\":\"https:\\\/\\\/blog.index.pe\\\/en\\\/author\\\/wilder\\\/#author\"},\"publisher\":{\"@id\":\"https:\\\/\\\/blog.index.pe\\\/en\\\/#organization\"},\"image\":{\"@type\":\"ImageObject\",\"url\":\"https:\\\/\\\/blog.index.pe\\\/wp-content\\\/uploads\\\/2019\\\/02\\\/G.jpg\",\"width\":900,\"height\":453},\"datePublished\":\"2019-02-19T00:47:42-05:00\",\"dateModified\":\"2019-02-19T00:47:46-05:00\",\"inLanguage\":\"en-US\",\"mainEntityOfPage\":{\"@id\":\"https:\\\/\\\/blog.index.pe\\\/en\\\/google-dejara-de-funcionar-desde-el-2-de-abril-de-2019\\\/#webpage\"},\"isPartOf\":{\"@id\":\"https:\\\/\\\/blog.index.pe\\\/en\\\/google-dejara-de-funcionar-desde-el-2-de-abril-de-2019\\\/#webpage\"},\"articleSection\":\"Actualidad, Tendencia, google, Google Plus\"},{\"@type\":\"BreadcrumbList\",\"@id\":\"https:\\\/\\\/blog.index.pe\\\/en\\\/google-dejara-de-funcionar-desde-el-2-de-abril-de-2019\\\/#breadcrumblist\",\"itemListElement\":[{\"@type\":\"ListItem\",\"@id\":\"https:\\\/\\\/blog.index.pe\\\/en#listItem\",\"position\":1,\"name\":\"Inicio\",\"item\":\"https:\\\/\\\/blog.index.pe\\\/en\",\"nextItem\":{\"@type\":\"ListItem\",\"@id\":\"https:\\\/\\\/blog.index.pe\\\/en\\\/category\\\/actualidad\\\/#listItem\",\"name\":\"Actualidad\"}},{\"@type\":\"ListItem\",\"@id\":\"https:\\\/\\\/blog.index.pe\\\/en\\\/category\\\/actualidad\\\/#listItem\",\"position\":2,\"name\":\"Actualidad\",\"item\":\"https:\\\/\\\/blog.index.pe\\\/en\\\/category\\\/actualidad\\\/\",\"nextItem\":{\"@type\":\"ListItem\",\"@id\":\"https:\\\/\\\/blog.index.pe\\\/en\\\/google-dejara-de-funcionar-desde-el-2-de-abril-de-2019\\\/#listItem\",\"name\":\"Google+ dejar\\u00e1 de funcionar desde el 2 de abril de 2019\"},\"previousItem\":{\"@type\":\"ListItem\",\"@id\":\"https:\\\/\\\/blog.index.pe\\\/en#listItem\",\"name\":\"Inicio\"}},{\"@type\":\"ListItem\",\"@id\":\"https:\\\/\\\/blog.index.pe\\\/en\\\/google-dejara-de-funcionar-desde-el-2-de-abril-de-2019\\\/#listItem\",\"position\":3,\"name\":\"Google+ dejar\\u00e1 de funcionar desde el 2 de abril de 2019\",\"previousItem\":{\"@type\":\"ListItem\",\"@id\":\"https:\\\/\\\/blog.index.pe\\\/en\\\/category\\\/actualidad\\\/#listItem\",\"name\":\"Actualidad\"}}]},{\"@type\":\"Organization\",\"@id\":\"https:\\\/\\\/blog.index.pe\\\/en\\\/#organization\",\"name\":\"Blog de Index.pe\",\"description\":\"El Blog de Index.pe ofrece art\\u00edculos detallados sobre creaci\\u00f3n y gesti\\u00f3n de p\\u00e1ginas web, dominios, hosting, marketing online, WordPress, SEO, SSL y Actualidad\",\"url\":\"https:\\\/\\\/blog.index.pe\\\/en\\\/\",\"telephone\":\"+51943643097\",\"logo\":{\"@type\":\"ImageObject\",\"url\":\"https:\\\/\\\/blog.index.pe\\\/wp-content\\\/uploads\\\/2020\\\/03\\\/blog-index.png\",\"@id\":\"https:\\\/\\\/blog.index.pe\\\/en\\\/google-dejara-de-funcionar-desde-el-2-de-abril-de-2019\\\/#organizationLogo\",\"width\":400,\"height\":400,\"caption\":\"Logo Blog de Index.pe\"},\"image\":{\"@id\":\"https:\\\/\\\/blog.index.pe\\\/en\\\/google-dejara-de-funcionar-desde-el-2-de-abril-de-2019\\\/#organizationLogo\"}},{\"@type\":\"Person\",\"@id\":\"https:\\\/\\\/blog.index.pe\\\/en\\\/author\\\/wilder\\\/#author\",\"url\":\"https:\\\/\\\/blog.index.pe\\\/en\\\/author\\\/wilder\\\/\",\"name\":\"Index.pe\",\"image\":{\"@type\":\"ImageObject\",\"@id\":\"https:\\\/\\\/blog.index.pe\\\/en\\\/google-dejara-de-funcionar-desde-el-2-de-abril-de-2019\\\/#authorImage\",\"url\":\"https:\\\/\\\/secure.gravatar.com\\\/avatar\\\/144b5b7142fdf15a32e0451c3f444446e2a7e0c3c2f70ea8fca0208037d9033d?s=96&d=wavatar&r=g\",\"width\":96,\"height\":96,\"caption\":\"Index.pe\"}},{\"@type\":\"WebPage\",\"@id\":\"https:\\\/\\\/blog.index.pe\\\/en\\\/google-dejara-de-funcionar-desde-el-2-de-abril-de-2019\\\/#webpage\",\"url\":\"https:\\\/\\\/blog.index.pe\\\/en\\\/google-dejara-de-funcionar-desde-el-2-de-abril-de-2019\\\/\",\"name\":\"Google+ dejar\\u00e1 de funcionar desde el 2 de abril de 2019 Blog de Index.pe\",\"description\":\"La versi\\u00f3n de Google+ para consumidores (cuentas personales) dejar\\u00e1 de funcionar el 2 de abril de 2019 Google anunci\\u00f3 en octubre de 2018 que el el servicio de G+ cerrar\\u00eda en agosto de 2019, Pero ahora con un nuevo comunicado lo har\\u00e1n meses antes de la fecha programada. La fecha se aceler\\u00f3 porque un error\",\"inLanguage\":\"en-US\",\"isPartOf\":{\"@id\":\"https:\\\/\\\/blog.index.pe\\\/en\\\/#website\"},\"breadcrumb\":{\"@id\":\"https:\\\/\\\/blog.index.pe\\\/en\\\/google-dejara-de-funcionar-desde-el-2-de-abril-de-2019\\\/#breadcrumblist\"},\"author\":{\"@id\":\"https:\\\/\\\/blog.index.pe\\\/en\\\/author\\\/wilder\\\/#author\"},\"creator\":{\"@id\":\"https:\\\/\\\/blog.index.pe\\\/en\\\/author\\\/wilder\\\/#author\"},\"image\":{\"@type\":\"ImageObject\",\"url\":\"https:\\\/\\\/blog.index.pe\\\/wp-content\\\/uploads\\\/2019\\\/02\\\/G.jpg\",\"@id\":\"https:\\\/\\\/blog.index.pe\\\/en\\\/google-dejara-de-funcionar-desde-el-2-de-abril-de-2019\\\/#mainImage\",\"width\":900,\"height\":453},\"primaryImageOfPage\":{\"@id\":\"https:\\\/\\\/blog.index.pe\\\/en\\\/google-dejara-de-funcionar-desde-el-2-de-abril-de-2019\\\/#mainImage\"},\"datePublished\":\"2019-02-19T00:47:42-05:00\",\"dateModified\":\"2019-02-19T00:47:46-05:00\"},{\"@type\":\"WebSite\",\"@id\":\"https:\\\/\\\/blog.index.pe\\\/en\\\/#website\",\"url\":\"https:\\\/\\\/blog.index.pe\\\/en\\\/\",\"name\":\"Blog de Index.pe\",\"description\":\"El Blog de Index.pe ofrece art\\u00edculos detallados sobre creaci\\u00f3n y gesti\\u00f3n de p\\u00e1ginas web, dominios, hosting, marketing online, WordPress, SEO, SSL y Actualidad\",\"inLanguage\":\"en-US\",\"publisher\":{\"@id\":\"https:\\\/\\\/blog.index.pe\\\/en\\\/#organization\"}}]}\n\t\t<\/script>\n\t\t<!-- All in One SEO -->\n\n","aioseo_head_json":{"title":"Google+ dejar\u00e1 de funcionar desde el 2 de abril de 2019 Blog de Index.pe","description":"La versi\u00f3n de Google+ para consumidores (cuentas personales) dejar\u00e1 de funcionar el 2 de abril de 2019 Google anunci\u00f3 en octubre de 2018 que el el servicio de G+ cerrar\u00eda en agosto de 2019, Pero ahora con un nuevo comunicado lo har\u00e1n meses antes de la fecha programada. La fecha se aceler\u00f3 porque un error","canonical_url":"https:\/\/blog.index.pe\/en\/google-dejara-de-funcionar-desde-el-2-de-abril-de-2019\/","robots":"max-image-preview:large","keywords":"google,google plus,actualidad,tendencia","webmasterTools":{"google-site-verification":"R0FyKtH7AO0qfbQs9OR3qfgr1MYDMagx3MsqEWaTZlE","miscellaneous":""},"schema":{"@context":"https:\/\/schema.org","@graph":[{"@type":"Article","@id":"https:\/\/blog.index.pe\/en\/google-dejara-de-funcionar-desde-el-2-de-abril-de-2019\/#article","name":"Google+ dejar\u00e1 de funcionar desde el 2 de abril de 2019 Blog de Index.pe","headline":"Google+ dejar\u00e1 de funcionar desde el 2 de abril de 2019","author":{"@id":"https:\/\/blog.index.pe\/en\/author\/wilder\/#author"},"publisher":{"@id":"https:\/\/blog.index.pe\/en\/#organization"},"image":{"@type":"ImageObject","url":"https:\/\/blog.index.pe\/wp-content\/uploads\/2019\/02\/G.jpg","width":900,"height":453},"datePublished":"2019-02-19T00:47:42-05:00","dateModified":"2019-02-19T00:47:46-05:00","inLanguage":"en-US","mainEntityOfPage":{"@id":"https:\/\/blog.index.pe\/en\/google-dejara-de-funcionar-desde-el-2-de-abril-de-2019\/#webpage"},"isPartOf":{"@id":"https:\/\/blog.index.pe\/en\/google-dejara-de-funcionar-desde-el-2-de-abril-de-2019\/#webpage"},"articleSection":"Actualidad, Tendencia, google, Google Plus"},{"@type":"BreadcrumbList","@id":"https:\/\/blog.index.pe\/en\/google-dejara-de-funcionar-desde-el-2-de-abril-de-2019\/#breadcrumblist","itemListElement":[{"@type":"ListItem","@id":"https:\/\/blog.index.pe\/en#listItem","position":1,"name":"Inicio","item":"https:\/\/blog.index.pe\/en","nextItem":{"@type":"ListItem","@id":"https:\/\/blog.index.pe\/en\/category\/actualidad\/#listItem","name":"Actualidad"}},{"@type":"ListItem","@id":"https:\/\/blog.index.pe\/en\/category\/actualidad\/#listItem","position":2,"name":"Actualidad","item":"https:\/\/blog.index.pe\/en\/category\/actualidad\/","nextItem":{"@type":"ListItem","@id":"https:\/\/blog.index.pe\/en\/google-dejara-de-funcionar-desde-el-2-de-abril-de-2019\/#listItem","name":"Google+ dejar\u00e1 de funcionar desde el 2 de abril de 2019"},"previousItem":{"@type":"ListItem","@id":"https:\/\/blog.index.pe\/en#listItem","name":"Inicio"}},{"@type":"ListItem","@id":"https:\/\/blog.index.pe\/en\/google-dejara-de-funcionar-desde-el-2-de-abril-de-2019\/#listItem","position":3,"name":"Google+ dejar\u00e1 de funcionar desde el 2 de abril de 2019","previousItem":{"@type":"ListItem","@id":"https:\/\/blog.index.pe\/en\/category\/actualidad\/#listItem","name":"Actualidad"}}]},{"@type":"Organization","@id":"https:\/\/blog.index.pe\/en\/#organization","name":"Blog de Index.pe","description":"El Blog de Index.pe ofrece art\u00edculos detallados sobre creaci\u00f3n y gesti\u00f3n de p\u00e1ginas web, dominios, hosting, marketing online, WordPress, SEO, SSL y Actualidad","url":"https:\/\/blog.index.pe\/en\/","telephone":"+51943643097","logo":{"@type":"ImageObject","url":"https:\/\/blog.index.pe\/wp-content\/uploads\/2020\/03\/blog-index.png","@id":"https:\/\/blog.index.pe\/en\/google-dejara-de-funcionar-desde-el-2-de-abril-de-2019\/#organizationLogo","width":400,"height":400,"caption":"Logo Blog de Index.pe"},"image":{"@id":"https:\/\/blog.index.pe\/en\/google-dejara-de-funcionar-desde-el-2-de-abril-de-2019\/#organizationLogo"}},{"@type":"Person","@id":"https:\/\/blog.index.pe\/en\/author\/wilder\/#author","url":"https:\/\/blog.index.pe\/en\/author\/wilder\/","name":"Index.pe","image":{"@type":"ImageObject","@id":"https:\/\/blog.index.pe\/en\/google-dejara-de-funcionar-desde-el-2-de-abril-de-2019\/#authorImage","url":"https:\/\/secure.gravatar.com\/avatar\/144b5b7142fdf15a32e0451c3f444446e2a7e0c3c2f70ea8fca0208037d9033d?s=96&d=wavatar&r=g","width":96,"height":96,"caption":"Index.pe"}},{"@type":"WebPage","@id":"https:\/\/blog.index.pe\/en\/google-dejara-de-funcionar-desde-el-2-de-abril-de-2019\/#webpage","url":"https:\/\/blog.index.pe\/en\/google-dejara-de-funcionar-desde-el-2-de-abril-de-2019\/","name":"Google+ dejar\u00e1 de funcionar desde el 2 de abril de 2019 Blog de Index.pe","description":"La versi\u00f3n de Google+ para consumidores (cuentas personales) dejar\u00e1 de funcionar el 2 de abril de 2019 Google anunci\u00f3 en octubre de 2018 que el el servicio de G+ cerrar\u00eda en agosto de 2019, Pero ahora con un nuevo comunicado lo har\u00e1n meses antes de la fecha programada. La fecha se aceler\u00f3 porque un error","inLanguage":"en-US","isPartOf":{"@id":"https:\/\/blog.index.pe\/en\/#website"},"breadcrumb":{"@id":"https:\/\/blog.index.pe\/en\/google-dejara-de-funcionar-desde-el-2-de-abril-de-2019\/#breadcrumblist"},"author":{"@id":"https:\/\/blog.index.pe\/en\/author\/wilder\/#author"},"creator":{"@id":"https:\/\/blog.index.pe\/en\/author\/wilder\/#author"},"image":{"@type":"ImageObject","url":"https:\/\/blog.index.pe\/wp-content\/uploads\/2019\/02\/G.jpg","@id":"https:\/\/blog.index.pe\/en\/google-dejara-de-funcionar-desde-el-2-de-abril-de-2019\/#mainImage","width":900,"height":453},"primaryImageOfPage":{"@id":"https:\/\/blog.index.pe\/en\/google-dejara-de-funcionar-desde-el-2-de-abril-de-2019\/#mainImage"},"datePublished":"2019-02-19T00:47:42-05:00","dateModified":"2019-02-19T00:47:46-05:00"},{"@type":"WebSite","@id":"https:\/\/blog.index.pe\/en\/#website","url":"https:\/\/blog.index.pe\/en\/","name":"Blog de Index.pe","description":"El Blog de Index.pe ofrece art\u00edculos detallados sobre creaci\u00f3n y gesti\u00f3n de p\u00e1ginas web, dominios, hosting, marketing online, WordPress, SEO, SSL y Actualidad","inLanguage":"en-US","publisher":{"@id":"https:\/\/blog.index.pe\/en\/#organization"}}]},"og:locale":"en_US","og:site_name":"Blog de index.pe - Actualidad, Tecnologia, Redes, Internet, Webmaster","og:type":"article","og:title":"Google+ dejar\u00e1 de funcionar desde el 2 de abril de 2019 Blog de Index.pe","og:description":"La versi\u00f3n de Google+ para consumidores (cuentas personales) dejar\u00e1 de funcionar el 2 de abril de 2019 Google anunci\u00f3 en octubre de 2018 que el el servicio de G+ cerrar\u00eda en agosto de 2019, Pero ahora con un nuevo comunicado lo har\u00e1n meses antes de la fecha programada. La fecha se aceler\u00f3 porque un error","og:url":"https:\/\/blog.index.pe\/en\/google-dejara-de-funcionar-desde-el-2-de-abril-de-2019\/","og:image":"https:\/\/blog.index.pe\/wp-content\/uploads\/2019\/02\/G.jpg","og:image:secure_url":"https:\/\/blog.index.pe\/wp-content\/uploads\/2019\/02\/G.jpg","og:image:width":900,"og:image:height":453,"article:published_time":"2019-02-19T05:47:42+00:00","article:modified_time":"2019-02-19T05:47:46+00:00","article:publisher":"https:\/\/www.facebook.com\/index.pe","twitter:card":"summary","twitter:title":"Google+ dejar\u00e1 de funcionar desde el 2 de abril de 2019 Blog de Index.pe","twitter:description":"La versi\u00f3n de Google+ para consumidores (cuentas personales) dejar\u00e1 de funcionar el 2 de abril de 2019 Google anunci\u00f3 en octubre de 2018 que el el servicio de G+ cerrar\u00eda en agosto de 2019, Pero ahora con un nuevo comunicado lo har\u00e1n meses antes de la fecha programada. La fecha se aceler\u00f3 porque un error","twitter:image":"https:\/\/blog.index.pe\/wp-content\/uploads\/2019\/02\/G.jpg"},"aioseo_meta_data":{"post_id":"1061","title":null,"description":null,"keywords":null,"keyphrases":null,"primary_term":null,"canonical_url":null,"og_title":"","og_description":"","og_object_type":"article","og_image_type":"default","og_image_url":null,"og_image_width":null,"og_image_height":null,"og_image_custom_url":null,"og_image_custom_fields":null,"og_video":"","og_custom_url":null,"og_article_section":"","og_article_tags":"","twitter_use_og":false,"twitter_card":"summary","twitter_image_type":"default","twitter_image_url":null,"twitter_image_custom_url":null,"twitter_image_custom_fields":null,"twitter_title":null,"twitter_description":null,"schema":{"blockGraphs":[],"customGraphs":[],"default":{"data":{"Article":[],"Course":[],"Dataset":[],"FAQPage":[],"Movie":[],"Person":[],"Product":[],"ProductReview":[],"Car":[],"Recipe":[],"Service":[],"SoftwareApplication":[],"WebPage":[]},"graphName":"Article","isEnabled":true},"graphs":[]},"schema_type":null,"schema_type_options":null,"pillar_content":false,"robots_default":true,"robots_noindex":false,"robots_noarchive":false,"robots_nosnippet":false,"robots_nofollow":false,"robots_noimageindex":false,"robots_noodp":false,"robots_notranslate":false,"robots_max_snippet":null,"robots_max_videopreview":null,"robots_max_imagepreview":"large","priority":null,"frequency":null,"local_seo":null,"breadcrumb_settings":null,"limit_modified_date":false,"ai":null,"created":"2021-01-14 05:11:02","updated":"2025-07-22 06:09:27","focus_keyword":null,"additional_keywords":null,"truseo_locale":null,"seo_analyzer_scan_date":null},"a3_pvc":{"activated":true,"total_views":2282,"today_views":0},"_links":{"self":[{"href":"https:\/\/blog.index.pe\/en\/wp-json\/wp\/v2\/posts\/1061","targetHints":{"allow":["GET"]}}],"collection":[{"href":"https:\/\/blog.index.pe\/en\/wp-json\/wp\/v2\/posts"}],"about":[{"href":"https:\/\/blog.index.pe\/en\/wp-json\/wp\/v2\/types\/post"}],"author":[{"embeddable":true,"href":"https:\/\/blog.index.pe\/en\/wp-json\/wp\/v2\/users\/1"}],"replies":[{"embeddable":true,"href":"https:\/\/blog.index.pe\/en\/wp-json\/wp\/v2\/comments?post=1061"}],"version-history":[{"count":1,"href":"https:\/\/blog.index.pe\/en\/wp-json\/wp\/v2\/posts\/1061\/revisions"}],"predecessor-version":[{"id":1063,"href":"https:\/\/blog.index.pe\/en\/wp-json\/wp\/v2\/posts\/1061\/revisions\/1063"}],"wp:featuredmedia":[{"embeddable":true,"href":"https:\/\/blog.index.pe\/en\/wp-json\/wp\/v2\/media\/1062"}],"wp:attachment":[{"href":"https:\/\/blog.index.pe\/en\/wp-json\/wp\/v2\/media?parent=1061"}],"wp:term":[{"taxonomy":"category","embeddable":true,"href":"https:\/\/blog.index.pe\/en\/wp-json\/wp\/v2\/categories?post=1061"},{"taxonomy":"post_tag","embeddable":true,"href":"https:\/\/blog.index.pe\/en\/wp-json\/wp\/v2\/tags?post=1061"}],"curies":[{"name":"wp","href":"https:\/\/api.w.org\/{rel}","templated":true}]}}